{"id":102,"date":"2024-08-22T14:04:54","date_gmt":"2024-08-22T14:04:54","guid":{"rendered":"https:\/\/gewerbeschau-oberamt.ch\/?p=102"},"modified":"2024-08-22T14:09:19","modified_gmt":"2024-08-22T14:09:19","slug":"102","status":"publish","type":"post","link":"https:\/\/gewerbeschau-oberamt.ch\/?p=102","title":{"rendered":"6. Gewerbeschau im Oberamt nimmt Fahrt auf"},"content":{"rendered":"<div  class='flex_column av-1x26u-b4104228deef1e9bbb540b5bfd64fcdb av_one_full  avia-builder-el-0  el_before_av_one_half  avia-builder-el-first  first flex_column_div  '     ><section  class='av_textblock_section av-m05c2cvt-3e16fac9ed240bcabc8eba7754212dea '   itemscope=\"itemscope\" itemtype=\"https:\/\/schema.org\/BlogPosting\" itemprop=\"blogPost\" ><div class='avia_textblock'  itemprop=\"text\" ><h1>6. Gewerbeschau im Oberamt<\/h1>\n<h3>Endlich ist es wieder so weit \u2013 am 25. bis 27. April 25 steht unsere Gewerbeschau an!<\/h3>\n<h1>Chum, lueg und erl\u00e4b<\/h1>\n<\/div><\/section><\/div>\n<div  class='flex_column av-gigji-574ca060c1365597843a98b96577cdbd av_one_half  avia-builder-el-2  el_after_av_one_full  el_before_av_one_half  first flex_column_div  column-top-margin'     ><style type=\"text\/css\" data-created_by=\"avia_inline_auto\" id=\"style-css-av-m05cmb22-9c4b0b514e38e1583f3cca315152f809\">\n.avia-image-container.av-m05cmb22-9c4b0b514e38e1583f3cca315152f809 img.avia_image{\nbox-shadow:none;\n}\n.avia-image-container.av-m05cmb22-9c4b0b514e38e1583f3cca315152f809 .av-image-caption-overlay-center{\ncolor:#ffffff;\n}\n<\/style>\n<div  class='avia-image-container av-m05cmb22-9c4b0b514e38e1583f3cca315152f809 av-styling- avia-align-center  avia-builder-el-3  avia-builder-el-no-sibling '   itemprop=\"image\" itemscope=\"itemscope\" itemtype=\"https:\/\/schema.org\/ImageObject\" ><div class=\"avia-image-container-inner\"><div class=\"avia-image-overlay-wrap\"><img decoding=\"async\" fetchpriority=\"high\" class='wp-image-103 avia-img-lazy-loading-not-103 avia_image ' src=\"https:\/\/gewerbeschau-oberamt.ch\/wp-content\/uploads\/2024\/08\/OK_HP_k.png\" alt='' title='OK_HP_k'  height=\"533\" width=\"800\"  itemprop=\"thumbnailUrl\" srcset=\"https:\/\/gewerbeschau-oberamt.ch\/wp-content\/uploads\/2024\/08\/OK_HP_k.png 800w, https:\/\/gewerbeschau-oberamt.ch\/wp-content\/uploads\/2024\/08\/OK_HP_k-300x200.png 300w, https:\/\/gewerbeschau-oberamt.ch\/wp-content\/uploads\/2024\/08\/OK_HP_k-768x512.png 768w, https:\/\/gewerbeschau-oberamt.ch\/wp-content\/uploads\/2024\/08\/OK_HP_k-705x470.png 705w\" sizes=\"(max-width: 800px) 100vw, 800px\" \/><\/div><\/div><\/div><\/div>\n<div  class='flex_column av-83pme-62dfc06f2601aaaeca1999fc7ea14a98 av_one_half  avia-builder-el-4  el_after_av_one_half  avia-builder-el-last  flex_column_div  column-top-margin'     ><section  class='av_textblock_section av-m05c48s9-6c680b341d9c80550b19dd07ce5f6700 '   itemscope=\"itemscope\" itemtype=\"https:\/\/schema.org\/BlogPosting\" itemprop=\"blogPost\" ><div class='avia_textblock'  itemprop=\"text\" ><p>\ud83c\udf89 Freut euch auf das Dorffest, bei der ihr vielf\u00e4ltige Firmen kennenlernen k\u00f6nnt, auf gem\u00fctliches Beisammensein im Dorf und zum kr\u00f6nenden Abschluss auf einen Abstecher in die Bar. \ud83c\udf7b Doch bevor wir feiern k\u00f6nnen, wird noch viel Arbeit investiert. Ohne ein tatkr\u00e4ftiges Miteinander w\u00e4re das nicht m\u00f6glich \u2013 daf\u00fcr steht der Gewerbeverein Oberamt! \ud83d\udcaa Auf dem Bild seht ihr das OK-Team, das bereits jetzt voller Vorfreude und Tatendrang an den Vorbereitungen arbeitet. \ud83d\ude4c<\/p>\n<\/div><\/section><\/div>\n","protected":false},"excerpt":{"rendered":"","protected":false},"author":1,"featured_media":103,"comment_status":"closed","ping_status":"closed","sticky":false,"template":"","format":"standard","meta":{"footnotes":""},"categories":[7],"tags":[],"class_list":["post-102","post","type-post","status-publish","format-standard","has-post-thumbnail","hentry","category-blog"],"_links":{"self":[{"href":"https:\/\/gewerbeschau-oberamt.ch\/index.php?rest_route=\/wp\/v2\/posts\/102","targetHints":{"allow":["GET"]}}],"collection":[{"href":"https:\/\/gewerbeschau-oberamt.ch\/index.php?rest_route=\/wp\/v2\/posts"}],"about":[{"href":"https:\/\/gewerbeschau-oberamt.ch\/index.php?rest_route=\/wp\/v2\/types\/post"}],"author":[{"embeddable":true,"href":"https:\/\/gewerbeschau-oberamt.ch\/index.php?rest_route=\/wp\/v2\/users\/1"}],"replies":[{"embeddable":true,"href":"https:\/\/gewerbeschau-oberamt.ch\/index.php?rest_route=%2Fwp%2Fv2%2Fcomments&post=102"}],"version-history":[{"count":5,"href":"https:\/\/gewerbeschau-oberamt.ch\/index.php?rest_route=\/wp\/v2\/posts\/102\/revisions"}],"predecessor-version":[{"id":109,"href":"https:\/\/gewerbeschau-oberamt.ch\/index.php?rest_route=\/wp\/v2\/posts\/102\/revisions\/109"}],"wp:featuredmedia":[{"embeddable":true,"href":"https:\/\/gewerbeschau-oberamt.ch\/index.php?rest_route=\/wp\/v2\/media\/103"}],"wp:attachment":[{"href":"https:\/\/gewerbeschau-oberamt.ch\/index.php?rest_route=%2Fwp%2Fv2%2Fmedia&parent=102"}],"wp:term":[{"taxonomy":"category","embeddable":true,"href":"https:\/\/gewerbeschau-oberamt.ch\/index.php?rest_route=%2Fwp%2Fv2%2Fcategories&post=102"},{"taxonomy":"post_tag","embeddable":true,"href":"https:\/\/gewerbeschau-oberamt.ch\/index.php?rest_route=%2Fwp%2Fv2%2Ftags&post=102"}],"curies":[{"name":"wp","href":"https:\/\/api.w.org\/{rel}","templated":true}]}}