{"id":249,"date":"2025-05-06T13:14:56","date_gmt":"2025-05-06T11:14:56","guid":{"rendered":"https:\/\/gewerbeschau-oberamt.ch\/?p=249"},"modified":"2025-05-06T13:14:57","modified_gmt":"2025-05-06T11:14:57","slug":"erfolgreiche-gewerbeschau-2025-ein-voller-erfolg","status":"publish","type":"post","link":"https:\/\/gewerbeschau-oberamt.ch\/?p=249","title":{"rendered":"Erfolgreiche Gewerbeschau 2025 \u2013 Ein voller Erfolg!"},"content":{"rendered":"<div  class='flex_column av-av_one_fifth-a2cef933b0a555f25d1e39b22a8e9dae av_one_fifth  avia-builder-el-0  el_before_av_one_fourth  avia-builder-el-first  first flex_column_div  '     ><\/div>\n<div  class='flex_column av-av_one_fourth-538dd737667e19053994a94b9156413b av_one_fourth  avia-builder-el-1  el_after_av_one_fifth  el_before_av_textblock  flex_column_div  '     ><\/div>\n<section  class='av_textblock_section av-macety8d-d37e7320f3957888350264361b4bb82d '   itemscope=\"itemscope\" itemtype=\"https:\/\/schema.org\/BlogPosting\" itemprop=\"blogPost\" ><div class='avia_textblock'  itemprop=\"text\" ><div dir=\"auto\">Mit gro\u00dfer Freude blicken wir auf eine rundum gelungene Gewerbeschau 2025 zur\u00fcck. Zahlreiche Besucher, spannende Aussteller und ein vielf\u00e4ltiges Rahmenprogramm machten die Veranstaltung zu einem echten Highlight. Wir danken allen Beteiligten \u2013 Ausstellern, Partnern und G\u00e4sten \u2013 f\u00fcr ihr Engagement und die gro\u00dfartige Atmosph\u00e4re. Gemeinsam haben wir gezeigt, wie lebendig und innovativ unsere Region ist!<\/div>\n<\/div><\/section>\n<div  class='avia-video av-macev9y5-8ec4bb8dbc27a071abf5ff508f72ef1f avia-video-16-9 av-no-preview-image avia-video-load-always avia-video-html5'  itemprop=\"video\" itemtype=\"https:\/\/schema.org\/VideoObject\"  data-original_url='https:\/\/gewerbeschau-oberamt.ch\/wp-content\/uploads\/2025\/05\/Storybeat-1745622822272.mp4'><video class='avia_video'    preload=\"auto\"  controls id='player_249_997147071_403441015'><source src='https:\/\/gewerbeschau-oberamt.ch\/wp-content\/uploads\/2025\/05\/Storybeat-1745622822272.mp4' type='video\/mp4' \/><\/video><\/div>\n<div  class='avia-video av-macevnur-50b12b9af0be9a90f4181fed4d10bfdb avia-video-16-9 av-no-preview-image avia-video-load-always avia-video-html5'  itemprop=\"video\" itemtype=\"https:\/\/schema.org\/VideoObject\"  data-original_url='https:\/\/gewerbeschau-oberamt.ch\/wp-content\/uploads\/2025\/05\/Storybeat-1745622896166.mp4'><video class='avia_video'    preload=\"auto\"  controls id='player_249_242127054_208833095'><source src='https:\/\/gewerbeschau-oberamt.ch\/wp-content\/uploads\/2025\/05\/Storybeat-1745622896166.mp4' type='video\/mp4' \/><\/video><\/div>\n","protected":false},"excerpt":{"rendered":"","protected":false},"author":3,"featured_media":0,"comment_status":"closed","ping_status":"closed","sticky":false,"template":"","format":"standard","meta":{"footnotes":""},"categories":[1],"tags":[],"class_list":["post-249","post","type-post","status-publish","format-standard","hentry","category-uncategorized"],"_links":{"self":[{"href":"https:\/\/gewerbeschau-oberamt.ch\/index.php?rest_route=\/wp\/v2\/posts\/249","targetHints":{"allow":["GET"]}}],"collection":[{"href":"https:\/\/gewerbeschau-oberamt.ch\/index.php?rest_route=\/wp\/v2\/posts"}],"about":[{"href":"https:\/\/gewerbeschau-oberamt.ch\/index.php?rest_route=\/wp\/v2\/types\/post"}],"author":[{"embeddable":true,"href":"https:\/\/gewerbeschau-oberamt.ch\/index.php?rest_route=\/wp\/v2\/users\/3"}],"replies":[{"embeddable":true,"href":"https:\/\/gewerbeschau-oberamt.ch\/index.php?rest_route=%2Fwp%2Fv2%2Fcomments&post=249"}],"version-history":[{"count":1,"href":"https:\/\/gewerbeschau-oberamt.ch\/index.php?rest_route=\/wp\/v2\/posts\/249\/revisions"}],"predecessor-version":[{"id":252,"href":"https:\/\/gewerbeschau-oberamt.ch\/index.php?rest_route=\/wp\/v2\/posts\/249\/revisions\/252"}],"wp:attachment":[{"href":"https:\/\/gewerbeschau-oberamt.ch\/index.php?rest_route=%2Fwp%2Fv2%2Fmedia&parent=249"}],"wp:term":[{"taxonomy":"category","embeddable":true,"href":"https:\/\/gewerbeschau-oberamt.ch\/index.php?rest_route=%2Fwp%2Fv2%2Fcategories&post=249"},{"taxonomy":"post_tag","embeddable":true,"href":"https:\/\/gewerbeschau-oberamt.ch\/index.php?rest_route=%2Fwp%2Fv2%2Ftags&post=249"}],"curies":[{"name":"wp","href":"https:\/\/api.w.org\/{rel}","templated":true}]}}